{"id":3902,"date":"2020-09-23T22:51:50","date_gmt":"2020-09-23T22:51:50","guid":{"rendered":"http:\/\/bih-chm-cbd.ba\/?p=3902"},"modified":"2020-11-29T22:55:27","modified_gmt":"2020-11-29T22:55:27","slug":"park-prirode-orjen-novo-zasticeno-podrucje-u-republici-srpskoj-i-bosni-i-hercegovini","status":"publish","type":"post","link":"http:\/\/bih-chm-cbd.ba\/?p=3902&lang=bs","title":{"rendered":"Park prirode Orjen, novo za\u0161ti\u0107eno podru\u010dje u Republici Srpskoj i Bosni i Hercegovini"},"content":{"rendered":"<p><img loading=\"lazy\" class=\"size-full wp-image-3903 alignleft\" src=\"http:\/\/bih-chm-cbd.ba\/wp-content\/uploads\/2020\/11\/Untitled-2-copy.jpg\" alt=\"\" width=\"276\" height=\"155\" srcset=\"http:\/\/bih-chm-cbd.ba\/wp-content\/uploads\/2020\/11\/Untitled-2-copy-200x112.jpg 200w, http:\/\/bih-chm-cbd.ba\/wp-content\/uploads\/2020\/11\/Untitled-2-copy.jpg 276w\" sizes=\"(max-width: 276px) 100vw, 276px\" \/>U okviru UNEP\/GEF projekta \u201e&#8221;Postizanje o\u010duvanja biolo\u0161ke raznolikosti kroz uspostavljanje i efikasno upravljanje za\u0161ti\u0107enim podru\u010djima\u00a0 i izgradnju kapaciteta za za\u0161titu prirode u Bosni i Hercegovini&#8221;, koji poma\u017ee uspostavu novih 10 za\u0161ti\u0107enih podru\u010dja u Bosni i Hercegovini, uspostavljeno je novo za\u0161ti\u0107eno podru\u010dje, Park prirode \u201eOrjen\u201c. Park prirode &#8220;Orjen&#8221;, koji se nalazi na teritoriji Grada Trebinja,\u00a0 Odlukom Vlade Republike Srpske(&#8220;Slu\u017ebeni glasnik RS&#8221; br. 93\/20) progla\u0161en je za\u0161ti\u0107enim podru\u010djem. Ovaj park sa svojih 16 715,83 ha teritorija jepove\u0107ao povr\u0161inu pod za\u0161titom u Bosni i Hercegovini na\u00a0 2,61% a u Republici Srpskoj na 2%.<\/p>\n<p>Vi\u0161e na <a href=\"https:\/\/nasljedje.org\/%D0%BF%D0%B0%D1%80%D0%BA-%D0%BF%D1%80%D0%B8%D1%80%D0%BE%D0%B4%D0%B5-%D0%BE%D1%80%D1%98%D0%B5%D0%BD-%D0%BD%D0%BE%D0%B2%D0%BE-%D0%B7%D0%B0%D1%88%D1%82%D0%B8%D1%9B%D0%B5%D0%BD%D0%BE-%D0%BF%D0%BE\">linku&#8230;<\/a><\/p>\n","protected":false},"excerpt":{"rendered":"<p>U okviru UNEP\/GEF projekta \u201e&#8221;Postizanje o\u010duvanja biolo\u0161ke raznolikosti kroz uspostavljanje i efikasno upravljanje za\u0161ti\u0107enim podru\u010djima\u00a0 i izgradnju kapaciteta za za\u0161titu prirode u Bosni i Hercegovini&#8221;, koji poma\u017ee uspostavu novih 10 za\u0161ti\u0107enih podru\u010dja u Bosni i Hercegovini, uspostavljeno je novo za\u0161ti\u0107eno podru\u010dje, Park prirode \u201eOrjen\u201c. Park prirode &#8220;Orjen&#8221;, koji se nalazi na teritoriji Grada Trebinja,\u00a0 Odlukom [&hellip;]<\/p>\n","protected":false},"author":1,"featured_media":3903,"comment_status":"open","ping_status":"open","sticky":false,"template":"","format":"standard","meta":{"_bbp_topic_count":0,"_bbp_reply_count":0,"_bbp_total_topic_count":0,"_bbp_total_reply_count":0,"_bbp_voice_count":0,"_bbp_anonymous_reply_count":0,"_bbp_topic_count_hidden":0,"_bbp_reply_count_hidden":0,"_bbp_forum_subforum_count":0},"categories":[117],"tags":[],"_links":{"self":[{"href":"http:\/\/bih-chm-cbd.ba\/index.php?rest_route=\/wp\/v2\/posts\/3902"}],"collection":[{"href":"http:\/\/bih-chm-cbd.ba\/index.php?rest_route=\/wp\/v2\/posts"}],"about":[{"href":"http:\/\/bih-chm-cbd.ba\/index.php?rest_route=\/wp\/v2\/types\/post"}],"author":[{"embeddable":true,"href":"http:\/\/bih-chm-cbd.ba\/index.php?rest_route=\/wp\/v2\/users\/1"}],"replies":[{"embeddable":true,"href":"http:\/\/bih-chm-cbd.ba\/index.php?rest_route=%2Fwp%2Fv2%2Fcomments&post=3902"}],"version-history":[{"count":1,"href":"http:\/\/bih-chm-cbd.ba\/index.php?rest_route=\/wp\/v2\/posts\/3902\/revisions"}],"predecessor-version":[{"id":3904,"href":"http:\/\/bih-chm-cbd.ba\/index.php?rest_route=\/wp\/v2\/posts\/3902\/revisions\/3904"}],"wp:featuredmedia":[{"embeddable":true,"href":"http:\/\/bih-chm-cbd.ba\/index.php?rest_route=\/wp\/v2\/media\/3903"}],"wp:attachment":[{"href":"http:\/\/bih-chm-cbd.ba\/index.php?rest_route=%2Fwp%2Fv2%2Fmedia&parent=3902"}],"wp:term":[{"taxonomy":"category","embeddable":true,"href":"http:\/\/bih-chm-cbd.ba\/index.php?rest_route=%2Fwp%2Fv2%2Fcategories&post=3902"},{"taxonomy":"post_tag","embeddable":true,"href":"http:\/\/bih-chm-cbd.ba\/index.php?rest_route=%2Fwp%2Fv2%2Ftags&post=3902"}],"curies":[{"name":"wp","href":"https:\/\/api.w.org\/{rel}","templated":true}]}}